[{"@context":"https:\/\/schema.org\/","@type":"Article","@id":"https:\/\/www.trlica.cz\/chcete-to-moderne\/#Article","mainEntityOfPage":"https:\/\/www.trlica.cz\/chcete-to-moderne\/","headline":"Chcete to modern\u011b?","name":"Chcete to modern\u011b?","description":"Doby, kdy se pou\u017e\u00edvali klasick\u00e9 cihly, pozd\u011bji thermov\u00e9 tv\u00e1rnice, jsou u\u017e d\u00e1vno pry\u010d! Ten, kdo se rozhodne, \u017ee chce \u0159e\u0161it bydlen\u00ed ve vlastn\u00edm dom\u011b, m\u011bl&hellip;","datePublished":"2024-04-28","dateModified":"2024-04-28","author":{"@type":"Person","@id":"https:\/\/www.trlica.cz\/author\/#Person","name":"","url":"https:\/\/www.trlica.cz\/author\/","identifier":1,"image":{"@type":"ImageObject","@id":"https:\/\/secure.gravatar.com\/avatar\/40b5f3ce562f556955b189273c919e65fd2efecc17411a60d9172af88d0e5d58?s=96&d=mm&r=g","url":"https:\/\/secure.gravatar.com\/avatar\/40b5f3ce562f556955b189273c919e65fd2efecc17411a60d9172af88d0e5d58?s=96&d=mm&r=g","height":96,"width":96}},"publisher":{"@type":"Organization","name":"trlica.cz","logo":{"@type":"ImageObject","@id":"\/logo.png","url":"\/logo.png","width":600,"height":60}},"url":"https:\/\/www.trlica.cz\/chcete-to-moderne\/","wordCount":239,"articleBody":"Doby, kdy se pou\u017e\u00edvali klasick\u00e9 cihly, pozd\u011bji thermov\u00e9 tv\u00e1rnice, jsou u\u017e d\u00e1vno pry\u010d! Ten, kdo se rozhodne, \u017ee chce \u0159e\u0161it bydlen\u00ed ve vlastn\u00edm dom\u011b, m\u011bl by vyu\u017e\u00edt nab\u00eddku stavebnice IZOLOX! Va\u0161e hrub\u00e1 stavba m\u016f\u017ee nabrat na ne\u010dekan\u00fdch obr\u00e1tk\u00e1ch! A o to v\u00e1m p\u0159eci jde! V\u00a0rekordn\u00edm \u010dase a term\u00ednu dokon\u010dit d\u00edlo a\u017e pod st\u0159echu! Spojte se s\u00a0profesion\u00e1ln\u00ed firmou, kter\u00e1 nejen, \u017ee pracuje kvalitn\u011b, \u0159emesln\u011b a precizn\u011b, ale vyu\u017e\u00edv\u00e1 modern\u00ed technologie a materi\u00e1ly! Oslovte n\u00e1s a budete sezn\u00e1meni s\u00a0nov\u00fdmi mo\u017enostmi, kter\u00e9 se na trhu novodob\u00fdch materi\u00e1l\u016f nab\u00edzej\u00ed! Jestli\u017ee nejste zrovna v\u00a0tomto oboru kovan\u00fd odborn\u00edk, nevad\u00ed! Od toho jsme tady p\u0159ece my, abychom v\u00e1m byli n\u00e1pomocni a ud\u011blali pro v\u00e1s maximum! P\u0159ij\u010fte se pod\u00edvat k\u00a0n\u00e1m! Spole\u010dn\u011b vybereme ten spr\u00e1vn\u00fd typov\u00fd d\u016fm, kter\u00fd v\u00e1m bude vyhovovat, a ujasn\u00edme si do posledn\u00edho detailu, jak bude cel\u00e1 akce prob\u00edhat!U odborn\u00edk\u016fSe m\u016f\u017eete do\u010dkat jenom toho nejlep\u0161\u00edho!\u00a0 Pohybujeme se na trhu dlouh\u00e1 l\u00e9ta, v\u00a0oboru se sna\u017e\u00edme st\u00e1le inovovat, p\u0159ibli\u017eovat se nov\u00fdm trend\u016fm a nab\u00edzet na\u0161im klient\u016fm \u0161pi\u010dkov\u00e9 slu\u017eby, kter\u00e9 po\u017eaduj\u00ed!                                                                                                                                                                                                                                                                                                                                                                                        3.6\/5 - (7 votes)        "},{"@context":"https:\/\/schema.org\/","@type":"BreadcrumbList","itemListElement":[{"@type":"ListItem","position":1,"name":"Chcete to modern\u011b?","item":"https:\/\/www.trlica.cz\/chcete-to-moderne\/#breadcrumbitem"}]}]