[{"@context":"https:\/\/schema.org\/","@type":"Article","@id":"https:\/\/www.trlica.cz\/kdyz-neni-penez-dost\/#Article","mainEntityOfPage":"https:\/\/www.trlica.cz\/kdyz-neni-penez-dost\/","headline":"Kdy\u017e nen\u00ed pen\u011bz dost","name":"Kdy\u017e nen\u00ed pen\u011bz dost","description":"Zn\u00e1te n\u011bkoho, kdo nem\u00e1 dostatek pen\u011bz, ba kdo nem\u00e1 v\u016fbec \u017e\u00e1dn\u00e9 a navzdory tomu si \u017eije spokojen\u011b a na dostate\u010dn\u011b vysok\u00e9 \u00farovni? J\u00e1 tedy ne.&hellip;","datePublished":"2021-05-22","dateModified":"2023-05-10","author":{"@type":"Person","@id":"https:\/\/www.trlica.cz\/author\/#Person","name":"","url":"https:\/\/www.trlica.cz\/author\/","identifier":1,"image":{"@type":"ImageObject","@id":"https:\/\/secure.gravatar.com\/avatar\/40b5f3ce562f556955b189273c919e65fd2efecc17411a60d9172af88d0e5d58?s=96&d=mm&r=g","url":"https:\/\/secure.gravatar.com\/avatar\/40b5f3ce562f556955b189273c919e65fd2efecc17411a60d9172af88d0e5d58?s=96&d=mm&r=g","height":96,"width":96}},"publisher":{"@type":"Organization","name":"trlica.cz","logo":{"@type":"ImageObject","@id":"\/logo.png","url":"\/logo.png","width":600,"height":60}},"image":{"@type":"ImageObject","@id":"https:\/\/www.trlica.cz\/wp-content\/uploads\/stoj%C3%ADc%C3%AD%20mince_2.jpg","url":"https:\/\/www.trlica.cz\/wp-content\/uploads\/stoj%C3%ADc%C3%AD%20mince_2.jpg","height":0,"width":0},"url":"https:\/\/www.trlica.cz\/kdyz-neni-penez-dost\/","about":["Pen\u00edze"],"wordCount":423,"articleBody":"   Zn\u00e1te n\u011bkoho, kdo nem\u00e1 dostatek pen\u011bz, ba kdo nem\u00e1 v\u016fbec \u017e\u00e1dn\u00e9 a navzdory tomu si \u017eije spokojen\u011b a na dostate\u010dn\u011b vysok\u00e9 \u00farovni? J\u00e1 tedy ne. A trouf\u00e1m si tvrdit, \u017ee ani vy ne. Pen\u00edze jsou prost\u011b pro \u017eivot lid\u00ed naprosto nezbytn\u00e9, maj\u00ed v\u00fdznam, kter\u00fd nelze ni\u010d\u00edm nahradit.Ale co kdy\u017e je n\u011bkdo nem\u00e1? A p\u0159iznejme si, \u017ee to nen\u00ed v\u016fbec ojedin\u011bl\u00fd \u00fakaz.Kdy\u017e n\u011bkdo nem\u00e1 pen\u00edze, mus\u00ed si je prost\u011b ve vlastn\u00edm z\u00e1jmu zase co nejrychleji sehnat. Proto\u017ee dokud je nem\u00e1, nem\u016f\u017ee v\u00e9st b\u011b\u017en\u00fd plnohodnotn\u00fd \u017eivot, ani kdyby se o to pokou\u0161el ze v\u0161ech sv\u00fdch sil.Jen\u017ee sehnat pen\u00edze nen\u00ed ani trochu snadn\u00e9, jak jsme se o tom u\u017e nejednou mohli p\u0159esv\u011bd\u010dit t\u0159eba i na vlastn\u00ed k\u016f\u017ei. A kdy\u017e se tyto nedaj\u00ed v ur\u010dit\u00e9m obdob\u00ed vyd\u011blat a \u010dlov\u011bku sch\u00e1zej\u00ed i \u00faspory, je tu vlastn\u011b u\u017e jenom jedin\u00e1 mo\u017enost. A tou je p\u016fj\u010dka.P\u016fj\u010dit si? Pro\u010d ne? Ale od koho a za jak\u00fdch podm\u00ednek?Kdy\u017e je na tom n\u011bkdo je\u0161t\u011b docela dob\u0159e, kdy\u017e nem\u00e1 z\u00e1sadn\u011bj\u0161\u00ed nedostatky, nemus\u00ed to b\u00fdt probl\u00e9m. Ale co ten, kdo m\u00e1 pot\u00ed\u017e\u00ed a\u017e nad hlavu? Tomu nejednou jen tak n\u011bkde nevyhov\u00ed, toho sp\u00ed\u0161e odm\u00edtaj\u00ed jako na b\u011b\u017e\u00edc\u00edm p\u00e1su. Bank\u00e1m vad\u00ed t\u0159eba n\u00edzk\u00e9 p\u0159\u00edjmy doty\u010dn\u00e9ho, jeho z\u00e1znamy v registrech dlu\u017en\u00edk\u016f a podobn\u011b.A co kdy\u017e se tedy neda\u0159\u00ed \u017e\u00e1dnou banku p\u0159esv\u011bd\u010dit? Pak p\u0159ich\u00e1z\u00ed ke slovu nebankovn\u00ed spole\u010dnost a jej\u00ed hypot\u00e9ka po insolvenci. To je toti\u017e p\u016fj\u010dka, u kter\u00e9 se ned\u011blaj\u00ed \u017e\u00e1dn\u00e9 mimo\u0159\u00e1dn\u00e9 drahoty, u kter\u00e9 se vyhov\u00ed i problematick\u00fdm z\u00e1jemc\u016fm. Pochopiteln\u011b ale jen tehdy, kdy\u017e tito prok\u00e1\u017eou alespo\u0148 minim\u00e1ln\u011b svoji schopnost a ochotu p\u016fj\u010den\u00e9 pen\u00edze vr\u00e1tit.Zde je tak nezbytn\u00e9 m\u00edt aspo\u0148 takov\u00e9 p\u0159\u00edjmy, z nich\u017e se daj\u00ed hradit spl\u00e1tky, a chyb\u011bt nesm\u00ed ani \u017eadatelova nemovitost, kter\u00e1 se tu mus\u00ed d\u00e1t po dobu spl\u00e1cen\u00ed do z\u00e1stavy.Ale to je v\u0161echno. A kdo aspo\u0148 toto spln\u00ed, do\u010dk\u00e1 se tolik pot\u0159ebn\u00e9 finan\u010dn\u00ed pomoci. A m\u016f\u017ee \u017e\u00edt jako ka\u017ed\u00fd norm\u00e1ln\u00ed \u010dlov\u011bk. A d\u00e1t si \u010dasem sv\u00e9 finance zase do po\u0159\u00e1dku.                                                                                                                                                                                                                                                                                                                                                                                          4.3\/5 - (12 votes)        "},{"@context":"https:\/\/schema.org\/","@type":"BreadcrumbList","itemListElement":[{"@type":"ListItem","position":1,"name":"Kdy\u017e nen\u00ed pen\u011bz dost","item":"https:\/\/www.trlica.cz\/kdyz-neni-penez-dost\/#breadcrumbitem"}]}]