[{"@context":"https:\/\/schema.org\/","@type":"Article","@id":"https:\/\/www.trlica.cz\/novinky-v-regiojetu\/#Article","mainEntityOfPage":"https:\/\/www.trlica.cz\/novinky-v-regiojetu\/","headline":"Novinky v RegioJetu","name":"Novinky v RegioJetu","description":"V\u0161ichni v\u00edme, \u017ee sto procentn\u00edm vlastn\u00edkem je Student Agency. M\u00e9n\u011b u\u017e se v\u00ed, \u017ee do obchodn\u00edho rejst\u0159\u00edku byla tato spole\u010dnost zaps\u00e1na 20. b\u0159ezna 2009 a&hellip;","datePublished":"2020-01-15","dateModified":"2023-05-10","author":{"@type":"Person","@id":"https:\/\/www.trlica.cz\/author\/#Person","name":"","url":"https:\/\/www.trlica.cz\/author\/","identifier":1,"image":{"@type":"ImageObject","@id":"https:\/\/secure.gravatar.com\/avatar\/40b5f3ce562f556955b189273c919e65fd2efecc17411a60d9172af88d0e5d58?s=96&d=mm&r=g","url":"https:\/\/secure.gravatar.com\/avatar\/40b5f3ce562f556955b189273c919e65fd2efecc17411a60d9172af88d0e5d58?s=96&d=mm&r=g","height":96,"width":96}},"publisher":{"@type":"Organization","name":"trlica.cz","logo":{"@type":"ImageObject","@id":"\/logo.png","url":"\/logo.png","width":600,"height":60}},"image":{"@type":"ImageObject","@id":"https:\/\/www.trlica.cz\/wp-content\/uploads\/img_a352869_w3122_t1567254344.jpg","url":"https:\/\/www.trlica.cz\/wp-content\/uploads\/img_a352869_w3122_t1567254344.jpg","height":0,"width":0},"url":"https:\/\/www.trlica.cz\/novinky-v-regiojetu\/","about":["Slu\u017eby"],"wordCount":434,"articleBody":"V\u0161ichni v\u00edme, \u017ee sto procentn\u00edm vlastn\u00edkem je Student Agency. M\u00e9n\u011b u\u017e se v\u00ed, \u017ee do obchodn\u00edho rejst\u0159\u00edku byla tato spole\u010dnost zaps\u00e1na 20. b\u0159ezna 2009 a od t\u00e9 doby n\u00e1s s v\u011bt\u0161\u00edmi \u010di men\u0161\u00edmi \u00fasp\u011bchy \u010di ne\u00fasp\u011bchy voz\u00ed nejen u n\u00e1s doma, ale i v zahrani\u010d\u00ed.Pot\u00ed\u017ee se p\u0159ekonaly, a tak nyn\u00ed \u0161upajd\u00edme s touto spole\u010dnost\u00ed po Evrop\u011b a ka\u017edou novinku v\u00edt\u00e1me.Trasy jsou r\u016fzn\u00e9, jak vlakov\u00e9, tak autobusov\u00e9, a ve tvrd\u00e9 konkurenci je t\u011b\u017ek\u00e9 obst\u00e1t. Proto tak\u00e9 byla spole\u010dnost\u00ed obsazena trasa Ostrava Praha, kde m\u011bla \u201enahradit\u201c nespolehliv\u00e1 pendolina. U t\u011bch byly neust\u00e1l\u00e9 pot\u00ed\u017ee a mr\u00e1z p\u00e1r stup\u0148\u016f pod nulou je ob\u010das vy\u0159azoval z provozu. Tehdy nastoupil RegioJet a hle, v\u0161e fungovalo dokonale.Vybrat si m\u016f\u017eete z n\u011bkolika tras, a to jak tady u n\u00e1s, tak se m\u016f\u017eete nechat dopravit i do n\u011bkter\u00fdch m\u011bst Evropy. Bohu\u017eel, nen\u00ed jich mnoho, a proto se firma rozhodla k radik\u00e1ln\u00edm krok\u016fm.Od prosince roku 2011 za\u010dala firma dov\u00e1\u017eet cestuj\u00edc\u00ed mimo na\u0161i vlast, a to na Slovensko. Sice jen kousek, ale kde nic nen\u00ed\u2026 I ta \u017dilina byla dobr\u00e1. Nu a vid\u00edte, dnes je toho deset kr\u00e1t v\u00edce. A je\u0161t\u011b bude. Proto\u017ee\u2026Nov\u00e9 linky se ji\u017e chystaj\u00ed i kdy\u017e je zat\u00edm v\u0161e jen v plenk\u00e1ch. V ka\u017ed\u00e9m p\u0159\u00edpad\u011b by m\u011bl jezdit vlak a\u017e na Ukrajinu a do Budape\u0161ti. Toti\u017e, v\u011bc se m\u00e1 tak. Cestuj\u00edc\u00ed z Prahy do hlavn\u00edho m\u011bsta Ma\u010farska musel p\u0159esedat. V\u011bt\u0161inou ve V\u00eddni. Nyn\u00ed tomu tak nebude. No, nyn\u00ed, od p\u0159\u00ed\u0161t\u00edho \u010dervna. Dv\u011b z linek do V\u00eddn\u011b budou prodlou\u017eeny pr\u00e1v\u011b a\u017e do Budape\u0161ti, tak\u017ee p\u0159esed\u00e1n\u00ed a dal\u0161\u00ed \u010dek\u00e1n\u00ed odpadne. Jist\u011b pot\u011b\u0161\u00ed v\u0161echny, kte\u0159\u00ed takto cestovat pot\u0159ebuj\u00ed.S Ukrajinou to bude tak, \u017ee by se m\u011bly jezdit spoje z no\u010dn\u00ed Prahy, a to a\u017e na hranice a kousek za n\u011b. Ostatn\u011b to tak ji\u017e funguje. D\u00e1le v\u0161ak nemohou kv\u016fli kolej\u00edm, maj\u00ed toti\u017e jin\u00fd rozchod. Tak\u017ee si cestuj\u00edc\u00ed jen p\u0159esedne do autobusu a bude zavezen t\u0159eba a\u017e do Lvova a jin\u00fdch oblast\u00ed. Tedy tam, kam zat\u00edm je\u0161t\u011b RegioJet nezaj\u00ed\u017ed\u00ed. Uvid\u00edme, zda to bude vyhovovat a zda se to vyplat\u00ed.\u00a0\u00a0\u00a0\u00a0\u00a0                                                                                                                                                                                                                                                                                                                                                                                        2.7\/5 - (4 votes)        "},{"@context":"https:\/\/schema.org\/","@type":"BreadcrumbList","itemListElement":[{"@type":"ListItem","position":1,"name":"Novinky v RegioJetu","item":"https:\/\/www.trlica.cz\/novinky-v-regiojetu\/#breadcrumbitem"}]}]