[{"@context":"https:\/\/schema.org\/","@type":"Article","@id":"https:\/\/www.trlica.cz\/otevirame-uklidovou-firmu\/#Article","mainEntityOfPage":"https:\/\/www.trlica.cz\/otevirame-uklidovou-firmu\/","headline":"Otev\u00edr\u00e1me \u00faklidovou firmu","name":"Otev\u00edr\u00e1me \u00faklidovou firmu","description":"\u00daklidov\u00fdch firem je v \u010cesk\u00e9 republice cel\u00e1 \u0159ada. Zab\u00fdvaj\u00ed se myt\u00edm oken, podlah v\u010detn\u011b schodi\u0161\u0165, \u010di\u0161t\u011bn\u00edm koberc\u016f, ut\u00edr\u00e1n\u00edm prachu a dal\u0161\u00edmi \u010dinnostmi, kter\u00e9 lid\u00e9 popt\u00e1vaj\u00ed&hellip;","datePublished":"2022-12-30","dateModified":"2022-12-30","author":{"@type":"Person","@id":"https:\/\/www.trlica.cz\/author\/#Person","name":"","url":"https:\/\/www.trlica.cz\/author\/","identifier":1,"image":{"@type":"ImageObject","@id":"https:\/\/secure.gravatar.com\/avatar\/40b5f3ce562f556955b189273c919e65fd2efecc17411a60d9172af88d0e5d58?s=96&d=mm&r=g","url":"https:\/\/secure.gravatar.com\/avatar\/40b5f3ce562f556955b189273c919e65fd2efecc17411a60d9172af88d0e5d58?s=96&d=mm&r=g","height":96,"width":96}},"publisher":{"@type":"Organization","name":"trlica.cz","logo":{"@type":"ImageObject","@id":"\/logo.png","url":"\/logo.png","width":600,"height":60}},"image":{"@type":"ImageObject","@id":"https:\/\/www.trlica.cz\/wp-content\/uploads\/vacuum-cleaner-657719_640_3.jpg","url":"https:\/\/www.trlica.cz\/wp-content\/uploads\/vacuum-cleaner-657719_640_3.jpg","height":0,"width":0},"url":"https:\/\/www.trlica.cz\/otevirame-uklidovou-firmu\/","about":["Web"],"wordCount":427,"articleBody":"    \u00daklidov\u00fdch firem je v \u010cesk\u00e9 republice cel\u00e1 \u0159ada. Zab\u00fdvaj\u00ed se myt\u00edm oken, podlah v\u010detn\u011b schodi\u0161\u0165, \u010di\u0161t\u011bn\u00edm koberc\u016f, ut\u00edr\u00e1n\u00edm prachu a dal\u0161\u00edmi \u010dinnostmi, kter\u00e9 lid\u00e9 popt\u00e1vaj\u00ed v dom\u00e1cnostech i na pracovi\u0161t\u00edch. Je to velmi z\u00e1slu\u017en\u00e1 \u010dinnost, u\u017e jen z toho d\u016fvodu, \u017ee \u010distota a po\u0159\u00e1dek je z\u00e1sada pozitivn\u011b sm\u00fd\u0161lej\u00edc\u00edch lid\u00ed, ale ne ka\u017ed\u00fd m\u00e1 dostatek \u010dasu, energie a schopnost\u00ed prov\u00e1d\u011bt takov\u00e9 z\u00e1sahy nap\u0159. v r\u00e1mci gener\u00e1ln\u00edho \u00faklidu po mal\u00ed\u0159\u00edch.  Mezi n\u00e1mi jsou tak\u00e9 lid\u00e9, kte\u0159\u00ed jsou t\u011blesn\u011b posti\u017een\u00ed nebo v pokro\u010dil\u00e9m v\u011bku a n\u011bkter\u00e9 \u00faklidov\u00e9 slu\u017eby si r\u00e1di objedn\u00e1vaj\u00ed nap\u0159\u00edklad p\u0159ed Velikonocemi nebo v\u00e1no\u010dn\u00edmi sv\u00e1tky.  Zalo\u017eit si \u00faklidovou firmu nemus\u00ed b\u00fdt tak obt\u00ed\u017en\u00e9, jak se zd\u00e1, z\u00e1jem o \u00faklid mezi lidmi st\u00e1le trv\u00e1 a je velk\u00e1 \u0161ance, \u017ee se v t\u00e9to bran\u017ei uchyt\u00edte pom\u011brn\u011b rychle. Chce to v\u0161ak d\u00e1t lidem o sob\u011b n\u011bjak\u00fdm zp\u016fsobem v\u011bd\u011bt, a k tomu lze v sou\u010dasn\u00e9 dob\u011b zd\u00e1rn\u011b vyu\u017e\u00edt i virtu\u00e1ln\u00ed sv\u011bt Internetu. Prvn\u00edm krokem, kter\u00fd mus\u00edte podniknout, je m\u00edt webov\u00e9 str\u00e1nky s nab\u00eddkou slu\u017eeb. M\u011bly by b\u00fdt p\u0159ehledn\u00e9, aby bylo z\u0159ejm\u00e9, kter\u00e9 konkr\u00e9tn\u00ed pr\u00e1ce nab\u00edz\u00edte, a kdo m\u016f\u017ee va\u0161ich slu\u017eeb vyu\u017e\u00edt, a z\u00e1rove\u0148 je vhodn\u00e9 m\u00edt na webu rezerva\u010dn\u00ed formul\u00e1\u0159, kde si mohou sami z\u00e1kazn\u00edci z\u00e1vazn\u011b popt\u00e1vat to, co pot\u0159ebuj\u00ed. Aby se firma rozb\u011bhla do pot\u0159ebn\u00fdch obr\u00e1tek, bude z\u00e1rove\u0148 nutn\u00e9 o\u0161et\u0159it webov\u00fd port\u00e1l pro vyhled\u00e1va\u010de problematikou SEO. SEO pro e-shop-rychle v\u00e1m zajist\u00ed profesion\u00e1lov\u00e9, kte\u0159\u00ed maj\u00ed pot\u0159ebn\u00e9 zku\u0161enosti a dovedou posoudit, jak\u00fd z\u00e1sah prov\u00e9st, aby v\u00e1s vyhled\u00e1va\u010de vyhodnotily jako d\u016fv\u011bryhodn\u00fd zdroj, a nab\u00eddly jej lidem n\u011bkde v pop\u0159ed\u00ed. Pokud si nap\u0159\u00edklad pan\u00ed z Pardubic bude cht\u00edt objednat myt\u00ed oken v panel\u00e1ku ve vy\u0161\u0161\u00edm pat\u0159e, proto\u017ee trp\u00ed z\u00e1vrat\u00ed, a zad\u00e1 do vyhled\u00e1va\u010de kl\u00ed\u010dov\u00e1 slova \u201emyt\u00ed oken Pardubice \u00faklidov\u00e1 firma\u201c, dob\u0159e zpracovan\u00e9 SEO pro Drupal by v\u00e1s m\u011blo vyhodnotit mezi prvn\u00edmi firmami, kter\u00e9 v tomto regionu tuto slu\u017ebu nab\u00edz\u00ed.                                                                                                                                                                                                                                                                                                                                                                                          5\/5 - (2 votes)        "},{"@context":"https:\/\/schema.org\/","@type":"BreadcrumbList","itemListElement":[{"@type":"ListItem","position":1,"name":"Otev\u00edr\u00e1me \u00faklidovou firmu","item":"https:\/\/www.trlica.cz\/otevirame-uklidovou-firmu\/#breadcrumbitem"}]}]